{"id":7499,"date":"2025-07-25T10:08:32","date_gmt":"2025-07-25T10:08:32","guid":{"rendered":"https:\/\/choiexpert.com\/perte-de-cheveux\/"},"modified":"2025-07-25T10:08:32","modified_gmt":"2025-07-25T10:08:32","slug":"perte-de-cheveux","status":"publish","type":"post","link":"http:\/\/choiexpert.com\/fr\/perte-de-cheveux\/","title":{"rendered":"Perte de cheveux"},"content":{"rendered":"\t\t<div data-elementor-type=\"wp-post\" data-elementor-id=\"7499\" class=\"elementor elementor-7499 elementor-6286\" data-elementor-post-type=\"post\">\n\t\t\t\t<div class=\"elementor-element elementor-element-b356c46 e-flex e-con-boxed e-con e-parent\" data-id=\"b356c46\" data-element_type=\"container\" data-e-type=\"container\">\n\t\t\t\t\t<div class=\"e-con-inner\">\n\t\t\t\t<div class=\"elementor-element elementor-element-c069991 grad_text elementor-widget elementor-widget-heading\" data-id=\"c069991\" data-element_type=\"widget\" data-e-type=\"widget\" data-widget_type=\"heading.default\">\n\t\t\t\t<div class=\"elementor-widget-container\">\n\t\t\t\t\t<h2 class=\"elementor-heading-title elementor-size-default\">LES RAISONS DE LA PERTE DE CHEVEUX\n<\/h2>\t\t\t\t<\/div>\n\t\t\t\t<\/div>\n\t\t\t\t<div class=\"elementor-element elementor-element-b7d4e83 elementor-widget elementor-widget-text-editor\" data-id=\"b7d4e83\" data-element_type=\"widget\" data-e-type=\"widget\" data-widget_type=\"text-editor.default\">\n\t\t\t\t<div class=\"elementor-widget-container\">\n\t\t\t\t\t\t\t\t\t<div class=\"text-center mb-16\" data-lov-id=\"src\/pages\/Index.tsx:67:10\" data-lov-name=\"div\" data-component-path=\"src\/pages\/Index.tsx\" data-component-line=\"67\" data-component-file=\"Index.tsx\" data-component-name=\"div\" data-component-content=\"%7B%22className%22%3A%22text-center%20mb-16%22%7D\"><p>L&rsquo;alop\u00e9cie, terme qui d\u00e9signe l&rsquo;amincissement des cheveux et la chute des poils, est extr\u00eamement fr\u00e9quente et un certain nombre de facteurs y contribuent.<\/p><p>Bien que moins fr\u00e9quent, l&rsquo;effluvium t\u00e9log\u00e8ne est une autre source de perte de cheveux, g\u00e9n\u00e9ralement caus\u00e9e par un stress mental ou physique. Cette affection temporaire entra\u00eene g\u00e9n\u00e9ralement la chute des cheveux sur le dessus de la t\u00eate, souvent au niveau de la raie. Certaines carences en vitamines, un dysfonctionnement de la thyro\u00efde et l&rsquo;an\u00e9mie peuvent \u00e9galement entra\u00eener une perte de cheveux chez les femmes.  <\/p><div class=\"wpb_text_column wpb_content_element \"><div class=\"wpb_wrapper\"><p>En outre, les changements hormonaux, en particulier ceux qui surviennent pendant la grossesse ou la m\u00e9nopause, peuvent entra\u00eener une chute temporaire des cheveux, tout comme l&rsquo;utilisation de m\u00e9dicaments tels que les antid\u00e9presseurs. Si vous constatez un changement soudain, il est conseill\u00e9 de discuter avec votre m\u00e9decin traitant des causes potentielles de la perte de cheveux li\u00e9es \u00e0 la sant\u00e9. <\/p><\/div><\/div><div class=\"clearboth\"> <\/div><\/div>\t\t\t\t\t\t\t\t<\/div>\n\t\t\t\t<\/div>\n\t\t\t\t<div class=\"elementor-element elementor-element-c0e5655 elementor-blockquote--skin-quotation elementor-blockquote--button-color-official elementor-widget elementor-widget-blockquote\" data-id=\"c0e5655\" data-element_type=\"widget\" data-e-type=\"widget\" data-widget_type=\"blockquote.default\">\n\t\t\t\t<div class=\"elementor-widget-container\">\n\t\t\t\t\t\t\t<blockquote class=\"elementor-blockquote\">\n\t\t\t<p class=\"elementor-blockquote__content\">\n\t\t\t\tLa perte de cheveux a une forte composante g\u00e9n\u00e9tique La recherche a montr\u00e9 que l'alop\u00e9cie androg\u00e9n\u00e9tique, ou AGA, est partiellement ou fortement influenc\u00e9e par la g\u00e9n\u00e9tique et li\u00e9e au sexe. Cela signifie que les hommes peuvent transmettre le caract\u00e8re de la calvitie directement \u00e0 leur prog\u00e9niture masculine. Si la grande majorit\u00e9 des causes de l'alop\u00e9cie sont g\u00e9n\u00e9tiques, il existe \u00e9galement un aspect environnemental.  \n\t\t\t<\/p>\n\t\t\t\t\t<\/blockquote>\n\t\t\t\t\t\t<\/div>\n\t\t\t\t<\/div>\n\t\t\t\t<div class=\"elementor-element elementor-element-82e1d33 elementor-widget elementor-widget-text-editor\" data-id=\"82e1d33\" data-element_type=\"widget\" data-e-type=\"widget\" data-widget_type=\"text-editor.default\">\n\t\t\t\t<div class=\"elementor-widget-container\">\n\t\t\t\t\t\t\t\t\t<div class=\"text-center mb-16\" data-lov-id=\"src\/pages\/Index.tsx:67:10\" data-lov-name=\"div\" data-component-path=\"src\/pages\/Index.tsx\" data-component-line=\"67\" data-component-file=\"Index.tsx\" data-component-name=\"div\" data-component-content=\"%7B%22className%22%3A%22text-center%20mb-16%22%7D\"><p>Si vous souffrez d&rsquo;une perte de cheveux temporaire, il est pr\u00e9f\u00e9rable d&rsquo;encourager la repousse des cheveux par des ajustements nutritionnels, des soins de sant\u00e9 appropri\u00e9s et des m\u00e9dicaments tels que le Minoxidil ou le Propecia. Nos sp\u00e9cialistes peuvent vous aider \u00e0 d\u00e9terminer vos besoins. <\/p><div class=\"wpb_text_column wpb_content_element \"><div class=\"wpb_wrapper\"><p>Notre clinique applique une approche personnalis\u00e9e \u00e0 l&rsquo;\u00e9claircissement des cheveux, en d\u00e9terminant la source de votre perte de cheveux et en travaillant avec vous pour d\u00e9cider du meilleur traitement pour vos besoins particuliers.<\/p><\/div><\/div><\/div>\t\t\t\t\t\t\t\t<\/div>\n\t\t\t\t<\/div>\n\t\t\t\t<div class=\"elementor-element elementor-element-5649492 elementor-view-framed elementor-position-inline-start elementor-shape-circle elementor-mobile-position-block-start elementor-widget elementor-widget-icon-box\" data-id=\"5649492\" data-element_type=\"widget\" data-e-type=\"widget\" data-widget_type=\"icon-box.default\">\n\t\t\t\t<div class=\"elementor-widget-container\">\n\t\t\t\t\t\t\t<div class=\"elementor-icon-box-wrapper\">\n\n\t\t\t\t\t\t<div class=\"elementor-icon-box-icon\">\n\t\t\t\t<span  class=\"elementor-icon\">\n\t\t\t\t<i aria-hidden=\"true\" class=\"far fa-hand-point-right\"><\/i>\t\t\t\t<\/span>\n\t\t\t<\/div>\n\t\t\t\n\t\t\t\t\t\t<div class=\"elementor-icon-box-content\">\n\n\t\t\t\t\t\t\t\t\t<h3 class=\"elementor-icon-box-title\">\n\t\t\t\t\t\t<span  >\n\t\t\t\t\t\t\tComment puis-je faire pousser plus de cheveux ? Quel type de m\u00e9decin consulter pour la perte de cheveux ? \t\t\t\t\t\t<\/span>\n\t\t\t\t\t<\/h3>\n\t\t\t\t\n\t\t\t\t\n\t\t\t<\/div>\n\t\t\t\n\t\t<\/div>\n\t\t\t\t\t\t<\/div>\n\t\t\t\t<\/div>\n\t\t\t\t<div class=\"elementor-element elementor-element-b815e92 elementor-view-framed elementor-position-inline-start elementor-shape-circle elementor-mobile-position-block-start elementor-widget elementor-widget-icon-box\" data-id=\"b815e92\" data-element_type=\"widget\" data-e-type=\"widget\" data-widget_type=\"icon-box.default\">\n\t\t\t\t<div class=\"elementor-widget-container\">\n\t\t\t\t\t\t\t<div class=\"elementor-icon-box-wrapper\">\n\n\t\t\t\t\t\t<div class=\"elementor-icon-box-icon\">\n\t\t\t\t<span  class=\"elementor-icon\">\n\t\t\t\t<i aria-hidden=\"true\" class=\"far fa-hand-peace\"><\/i>\t\t\t\t<\/span>\n\t\t\t<\/div>\n\t\t\t\n\t\t\t\t\t\t<div class=\"elementor-icon-box-content\">\n\n\t\t\t\t\t\t\t\t\t<h3 class=\"elementor-icon-box-title\">\n\t\t\t\t\t\t<span  >\n\t\t\t\t\t\t\tEst-ce que je risque d'\u00eatre trop coiff\u00e9 ? Consultez un m\u00e9decin pour une perte de cheveux imm\u00e9diate ! \t\t\t\t\t\t<\/span>\n\t\t\t\t\t<\/h3>\n\t\t\t\t\n\t\t\t\t\n\t\t\t<\/div>\n\t\t\t\n\t\t<\/div>\n\t\t\t\t\t\t<\/div>\n\t\t\t\t<\/div>\n\t\t\t\t<div class=\"elementor-element elementor-element-a8d1785 elementor-view-framed elementor-position-inline-start elementor-shape-circle elementor-mobile-position-block-start elementor-widget elementor-widget-icon-box\" data-id=\"a8d1785\" data-element_type=\"widget\" data-e-type=\"widget\" data-widget_type=\"icon-box.default\">\n\t\t\t\t<div class=\"elementor-widget-container\">\n\t\t\t\t\t\t\t<div class=\"elementor-icon-box-wrapper\">\n\n\t\t\t\t\t\t<div class=\"elementor-icon-box-icon\">\n\t\t\t\t<span  class=\"elementor-icon\">\n\t\t\t\t<i aria-hidden=\"true\" class=\"far fa-hand-point-right\"><\/i>\t\t\t\t<\/span>\n\t\t\t<\/div>\n\t\t\t\n\t\t\t\t\t\t<div class=\"elementor-icon-box-content\">\n\n\t\t\t\t\t\t\t\t\t<h3 class=\"elementor-icon-box-title\">\n\t\t\t\t\t\t<span  >\n\t\t\t\t\t\t\tLe peignage fr\u00e9quent provoque-t-il la chute des cheveux ? Consultez un m\u00e9decin pour la perte de cheveux ! \t\t\t\t\t\t<\/span>\n\t\t\t\t\t<\/h3>\n\t\t\t\t\n\t\t\t\t\n\t\t\t<\/div>\n\t\t\t\n\t\t<\/div>\n\t\t\t\t\t\t<\/div>\n\t\t\t\t<\/div>\n\t\t\t\t<div class=\"elementor-element elementor-element-2cbcf1e elementor-widget elementor-widget-text-editor\" data-id=\"2cbcf1e\" data-element_type=\"widget\" data-e-type=\"widget\" data-widget_type=\"text-editor.default\">\n\t\t\t\t<div class=\"elementor-widget-container\">\n\t\t\t\t\t\t\t\t\tSi la perte de cheveux due \u00e0 une affection temporaire peut \u00eatre trait\u00e9e de mani\u00e8re non chirurgicale, la solution id\u00e9ale pour les patients souffrant d&rsquo;alop\u00e9cie androg\u00e9nique est une greffe de cheveux utilisant le syst\u00e8me r\u00e9volutionnaire FUE, qui permet d&rsquo;obtenir des r\u00e9sultats ultra r\u00e9alistes.\t\t\t\t\t\t\t\t<\/div>\n\t\t\t\t<\/div>\n\t\t\t\t\t<\/div>\n\t\t\t\t<\/div>\n\t\t\t\t<\/div>\n\t\t","protected":false},"excerpt":{"rendered":"<p>LES RAISONS DE LA PERTE DE CHEVEUX L&rsquo;alop\u00e9cie, terme qui d\u00e9signe l&rsquo;amincissement des cheveux et la chute des poils, est extr\u00eamement fr\u00e9quente et un certain nombre de facteurs y contribuent. Bien que moins fr\u00e9quent, l&rsquo;effluvium t\u00e9log\u00e8ne est une autre source de perte de cheveux, g\u00e9n\u00e9ralement caus\u00e9e par un stress mental ou physique. Cette affection temporaire [&hellip;]<\/p>\n","protected":false},"author":2,"featured_media":7500,"comment_status":"open","ping_status":"open","sticky":false,"template":"","format":"standard","meta":{"inline_featured_image":false,"footnotes":""},"categories":[125],"tags":[],"class_list":["post-7499","post","type-post","status-publish","format-standard","has-post-thumbnail","hentry","category-non-categorise"],"yoast_head":"<!-- This site is optimized with the Yoast SEO plugin v27.0 - https:\/\/yoast.com\/product\/yoast-seo-wordpress\/ -->\n<title>Perte de cheveux - Experts en greffe de cheveux ChoiExpert.com<\/title>\n<meta name=\"description\" content=\"Raisons de la perte de cheveux L&#039;alop\u00e9cie, terme utilis\u00e9 pour d\u00e9crire l&#039;amincissement des cheveux et la chute des cheveux, est extr\u00eamement fr\u00e9quente et un certain nombre de facteurs y contribuent.\" \/>\n<meta name=\"robots\" content=\"index, follow, max-snippet:-1, max-image-preview:large, max-video-preview:-1\" \/>\n<link rel=\"canonical\" href=\"http:\/\/choiexpert.com\/fr\/perte-de-cheveux\/\" \/>\n<meta property=\"og:locale\" content=\"fr_FR\" \/>\n<meta property=\"og:type\" content=\"article\" \/>\n<meta property=\"og:title\" content=\"Perte de cheveux - Experts en greffe de cheveux ChoiExpert.com\" \/>\n<meta property=\"og:description\" content=\"Raisons de la perte de cheveux L&#039;alop\u00e9cie, terme utilis\u00e9 pour d\u00e9crire l&#039;amincissement des cheveux et la chute des cheveux, est extr\u00eamement fr\u00e9quente et un certain nombre de facteurs y contribuent.\" \/>\n<meta property=\"og:url\" content=\"http:\/\/choiexpert.com\/fr\/perte-de-cheveux\/\" \/>\n<meta property=\"og:site_name\" content=\"Experts en greffe de cheveux\" \/>\n<meta property=\"article:published_time\" content=\"2025-07-25T10:08:32+00:00\" \/>\n<meta property=\"og:image\" content=\"http:\/\/choiexpert.com\/wp-content\/uploads\/2020\/02\/shutterstock_1175928631-scaled.jpg\" \/>\n\t<meta property=\"og:image:width\" content=\"2560\" \/>\n\t<meta property=\"og:image:height\" content=\"1709\" \/>\n\t<meta property=\"og:image:type\" content=\"image\/jpeg\" \/>\n<meta name=\"author\" content=\"Baruk Cohen\" \/>\n<meta name=\"twitter:card\" content=\"summary_large_image\" \/>\n<meta name=\"twitter:label1\" content=\"\u00c9crit par\" \/>\n\t<meta name=\"twitter:data1\" content=\"Baruk Cohen\" \/>\n\t<meta name=\"twitter:label2\" content=\"Dur\u00e9e de lecture estim\u00e9e\" \/>\n\t<meta name=\"twitter:data2\" content=\"2 minutes\" \/>\n<script type=\"application\/ld+json\" class=\"yoast-schema-graph\">{\"@context\":\"https:\/\/schema.org\",\"@graph\":[{\"@type\":\"Article\",\"@id\":\"http:\/\/choiexpert.com\/fr\/perte-de-cheveux\/#article\",\"isPartOf\":{\"@id\":\"http:\/\/choiexpert.com\/fr\/perte-de-cheveux\/\"},\"author\":{\"name\":\"Baruk Cohen\",\"@id\":\"https:\/\/choiexpert.com\/el\/#\/schema\/person\/51ee243c80decdb862998ab2a5ee5589\"},\"headline\":\"Perte de cheveux\",\"datePublished\":\"2025-07-25T10:08:32+00:00\",\"mainEntityOfPage\":{\"@id\":\"http:\/\/choiexpert.com\/fr\/perte-de-cheveux\/\"},\"wordCount\":445,\"commentCount\":0,\"image\":{\"@id\":\"http:\/\/choiexpert.com\/fr\/perte-de-cheveux\/#primaryimage\"},\"thumbnailUrl\":\"http:\/\/choiexpert.com\/wp-content\/uploads\/2020\/02\/shutterstock_1175928631-scaled.jpg\",\"articleSection\":[\"Non cat\u00e9goris\u00e9\"],\"inLanguage\":\"fr-FR\",\"potentialAction\":[{\"@type\":\"CommentAction\",\"name\":\"Comment\",\"target\":[\"http:\/\/choiexpert.com\/fr\/perte-de-cheveux\/#respond\"]}]},{\"@type\":\"WebPage\",\"@id\":\"http:\/\/choiexpert.com\/fr\/perte-de-cheveux\/\",\"url\":\"http:\/\/choiexpert.com\/fr\/perte-de-cheveux\/\",\"name\":\"Perte de cheveux - Experts en greffe de cheveux ChoiExpert.com\",\"isPartOf\":{\"@id\":\"https:\/\/choiexpert.com\/el\/#website\"},\"primaryImageOfPage\":{\"@id\":\"http:\/\/choiexpert.com\/fr\/perte-de-cheveux\/#primaryimage\"},\"image\":{\"@id\":\"http:\/\/choiexpert.com\/fr\/perte-de-cheveux\/#primaryimage\"},\"thumbnailUrl\":\"http:\/\/choiexpert.com\/wp-content\/uploads\/2020\/02\/shutterstock_1175928631-scaled.jpg\",\"datePublished\":\"2025-07-25T10:08:32+00:00\",\"author\":{\"@id\":\"https:\/\/choiexpert.com\/el\/#\/schema\/person\/51ee243c80decdb862998ab2a5ee5589\"},\"description\":\"Raisons de la perte de cheveux L'alop\u00e9cie, terme utilis\u00e9 pour d\u00e9crire l'amincissement des cheveux et la chute des cheveux, est extr\u00eamement fr\u00e9quente et un certain nombre de facteurs y contribuent.\",\"breadcrumb\":{\"@id\":\"http:\/\/choiexpert.com\/fr\/perte-de-cheveux\/#breadcrumb\"},\"inLanguage\":\"fr-FR\",\"potentialAction\":[{\"@type\":\"ReadAction\",\"target\":[\"http:\/\/choiexpert.com\/fr\/perte-de-cheveux\/\"]}]},{\"@type\":\"ImageObject\",\"inLanguage\":\"fr-FR\",\"@id\":\"http:\/\/choiexpert.com\/fr\/perte-de-cheveux\/#primaryimage\",\"url\":\"http:\/\/choiexpert.com\/wp-content\/uploads\/2020\/02\/shutterstock_1175928631-scaled.jpg\",\"contentUrl\":\"http:\/\/choiexpert.com\/wp-content\/uploads\/2020\/02\/shutterstock_1175928631-scaled.jpg\",\"width\":2560,\"height\":1709,\"caption\":\"Hair loss\"},{\"@type\":\"BreadcrumbList\",\"@id\":\"http:\/\/choiexpert.com\/fr\/perte-de-cheveux\/#breadcrumb\",\"itemListElement\":[{\"@type\":\"ListItem\",\"position\":1,\"name\":\"Accueil\",\"item\":\"https:\/\/choiexpert.com\/\"},{\"@type\":\"ListItem\",\"position\":2,\"name\":\"Perte de cheveux\"}]},{\"@type\":\"WebSite\",\"@id\":\"https:\/\/choiexpert.com\/el\/#website\",\"url\":\"https:\/\/choiexpert.com\/el\/\",\"name\":\"Experts en greffe de cheveux\",\"description\":\"Centre de greffe et de perte de cheveux\",\"potentialAction\":[{\"@type\":\"SearchAction\",\"target\":{\"@type\":\"EntryPoint\",\"urlTemplate\":\"https:\/\/choiexpert.com\/el\/?s={search_term_string}\"},\"query-input\":{\"@type\":\"PropertyValueSpecification\",\"valueRequired\":true,\"valueName\":\"search_term_string\"}}],\"inLanguage\":\"fr-FR\"},{\"@type\":\"Person\",\"@id\":\"https:\/\/choiexpert.com\/el\/#\/schema\/person\/51ee243c80decdb862998ab2a5ee5589\",\"name\":\"Baruk Cohen\",\"image\":{\"@type\":\"ImageObject\",\"inLanguage\":\"fr-FR\",\"@id\":\"https:\/\/choiexpert.com\/el\/#\/schema\/person\/image\/\",\"url\":\"https:\/\/secure.gravatar.com\/avatar\/081408c9e1e46b665fd219bb253425663859ad3e56ddbcefa79c3a92f17941fa?s=96&d=mm&r=g\",\"contentUrl\":\"https:\/\/secure.gravatar.com\/avatar\/081408c9e1e46b665fd219bb253425663859ad3e56ddbcefa79c3a92f17941fa?s=96&d=mm&r=g\",\"caption\":\"Baruk Cohen\"},\"sameAs\":[\"http:\/\/choiexpert.com\"],\"url\":\"http:\/\/choiexpert.com\/fr\/author\/baruk_choiexpert\/\"}]}<\/script>\n<!-- \/ Yoast SEO plugin. -->","yoast_head_json":{"title":"Perte de cheveux - Experts en greffe de cheveux ChoiExpert.com","description":"Raisons de la perte de cheveux L'alop\u00e9cie, terme utilis\u00e9 pour d\u00e9crire l'amincissement des cheveux et la chute des cheveux, est extr\u00eamement fr\u00e9quente et un certain nombre de facteurs y contribuent.","robots":{"index":"index","follow":"follow","max-snippet":"max-snippet:-1","max-image-preview":"max-image-preview:large","max-video-preview":"max-video-preview:-1"},"canonical":"http:\/\/choiexpert.com\/fr\/perte-de-cheveux\/","og_locale":"fr_FR","og_type":"article","og_title":"Perte de cheveux - Experts en greffe de cheveux ChoiExpert.com","og_description":"Raisons de la perte de cheveux L'alop\u00e9cie, terme utilis\u00e9 pour d\u00e9crire l'amincissement des cheveux et la chute des cheveux, est extr\u00eamement fr\u00e9quente et un certain nombre de facteurs y contribuent.","og_url":"http:\/\/choiexpert.com\/fr\/perte-de-cheveux\/","og_site_name":"Experts en greffe de cheveux","article_published_time":"2025-07-25T10:08:32+00:00","og_image":[{"width":2560,"height":1709,"url":"http:\/\/choiexpert.com\/wp-content\/uploads\/2020\/02\/shutterstock_1175928631-scaled.jpg","type":"image\/jpeg"}],"author":"Baruk Cohen","twitter_card":"summary_large_image","twitter_misc":{"\u00c9crit par":"Baruk Cohen","Dur\u00e9e de lecture estim\u00e9e":"2 minutes"},"schema":{"@context":"https:\/\/schema.org","@graph":[{"@type":"Article","@id":"http:\/\/choiexpert.com\/fr\/perte-de-cheveux\/#article","isPartOf":{"@id":"http:\/\/choiexpert.com\/fr\/perte-de-cheveux\/"},"author":{"name":"Baruk Cohen","@id":"https:\/\/choiexpert.com\/el\/#\/schema\/person\/51ee243c80decdb862998ab2a5ee5589"},"headline":"Perte de cheveux","datePublished":"2025-07-25T10:08:32+00:00","mainEntityOfPage":{"@id":"http:\/\/choiexpert.com\/fr\/perte-de-cheveux\/"},"wordCount":445,"commentCount":0,"image":{"@id":"http:\/\/choiexpert.com\/fr\/perte-de-cheveux\/#primaryimage"},"thumbnailUrl":"http:\/\/choiexpert.com\/wp-content\/uploads\/2020\/02\/shutterstock_1175928631-scaled.jpg","articleSection":["Non cat\u00e9goris\u00e9"],"inLanguage":"fr-FR","potentialAction":[{"@type":"CommentAction","name":"Comment","target":["http:\/\/choiexpert.com\/fr\/perte-de-cheveux\/#respond"]}]},{"@type":"WebPage","@id":"http:\/\/choiexpert.com\/fr\/perte-de-cheveux\/","url":"http:\/\/choiexpert.com\/fr\/perte-de-cheveux\/","name":"Perte de cheveux - Experts en greffe de cheveux ChoiExpert.com","isPartOf":{"@id":"https:\/\/choiexpert.com\/el\/#website"},"primaryImageOfPage":{"@id":"http:\/\/choiexpert.com\/fr\/perte-de-cheveux\/#primaryimage"},"image":{"@id":"http:\/\/choiexpert.com\/fr\/perte-de-cheveux\/#primaryimage"},"thumbnailUrl":"http:\/\/choiexpert.com\/wp-content\/uploads\/2020\/02\/shutterstock_1175928631-scaled.jpg","datePublished":"2025-07-25T10:08:32+00:00","author":{"@id":"https:\/\/choiexpert.com\/el\/#\/schema\/person\/51ee243c80decdb862998ab2a5ee5589"},"description":"Raisons de la perte de cheveux L'alop\u00e9cie, terme utilis\u00e9 pour d\u00e9crire l'amincissement des cheveux et la chute des cheveux, est extr\u00eamement fr\u00e9quente et un certain nombre de facteurs y contribuent.","breadcrumb":{"@id":"http:\/\/choiexpert.com\/fr\/perte-de-cheveux\/#breadcrumb"},"inLanguage":"fr-FR","potentialAction":[{"@type":"ReadAction","target":["http:\/\/choiexpert.com\/fr\/perte-de-cheveux\/"]}]},{"@type":"ImageObject","inLanguage":"fr-FR","@id":"http:\/\/choiexpert.com\/fr\/perte-de-cheveux\/#primaryimage","url":"http:\/\/choiexpert.com\/wp-content\/uploads\/2020\/02\/shutterstock_1175928631-scaled.jpg","contentUrl":"http:\/\/choiexpert.com\/wp-content\/uploads\/2020\/02\/shutterstock_1175928631-scaled.jpg","width":2560,"height":1709,"caption":"Hair loss"},{"@type":"BreadcrumbList","@id":"http:\/\/choiexpert.com\/fr\/perte-de-cheveux\/#breadcrumb","itemListElement":[{"@type":"ListItem","position":1,"name":"Accueil","item":"https:\/\/choiexpert.com\/"},{"@type":"ListItem","position":2,"name":"Perte de cheveux"}]},{"@type":"WebSite","@id":"https:\/\/choiexpert.com\/el\/#website","url":"https:\/\/choiexpert.com\/el\/","name":"Experts en greffe de cheveux","description":"Centre de greffe et de perte de cheveux","potentialAction":[{"@type":"SearchAction","target":{"@type":"EntryPoint","urlTemplate":"https:\/\/choiexpert.com\/el\/?s={search_term_string}"},"query-input":{"@type":"PropertyValueSpecification","valueRequired":true,"valueName":"search_term_string"}}],"inLanguage":"fr-FR"},{"@type":"Person","@id":"https:\/\/choiexpert.com\/el\/#\/schema\/person\/51ee243c80decdb862998ab2a5ee5589","name":"Baruk Cohen","image":{"@type":"ImageObject","inLanguage":"fr-FR","@id":"https:\/\/choiexpert.com\/el\/#\/schema\/person\/image\/","url":"https:\/\/secure.gravatar.com\/avatar\/081408c9e1e46b665fd219bb253425663859ad3e56ddbcefa79c3a92f17941fa?s=96&d=mm&r=g","contentUrl":"https:\/\/secure.gravatar.com\/avatar\/081408c9e1e46b665fd219bb253425663859ad3e56ddbcefa79c3a92f17941fa?s=96&d=mm&r=g","caption":"Baruk Cohen"},"sameAs":["http:\/\/choiexpert.com"],"url":"http:\/\/choiexpert.com\/fr\/author\/baruk_choiexpert\/"}]}},"_links":{"self":[{"href":"http:\/\/choiexpert.com\/fr\/wp-json\/wp\/v2\/posts\/7499","targetHints":{"allow":["GET"]}}],"collection":[{"href":"http:\/\/choiexpert.com\/fr\/wp-json\/wp\/v2\/posts"}],"about":[{"href":"http:\/\/choiexpert.com\/fr\/wp-json\/wp\/v2\/types\/post"}],"author":[{"embeddable":true,"href":"http:\/\/choiexpert.com\/fr\/wp-json\/wp\/v2\/users\/2"}],"replies":[{"embeddable":true,"href":"http:\/\/choiexpert.com\/fr\/wp-json\/wp\/v2\/comments?post=7499"}],"version-history":[{"count":0,"href":"http:\/\/choiexpert.com\/fr\/wp-json\/wp\/v2\/posts\/7499\/revisions"}],"wp:featuredmedia":[{"embeddable":true,"href":"http:\/\/choiexpert.com\/fr\/wp-json\/wp\/v2\/media\/7500"}],"wp:attachment":[{"href":"http:\/\/choiexpert.com\/fr\/wp-json\/wp\/v2\/media?parent=7499"}],"wp:term":[{"taxonomy":"category","embeddable":true,"href":"http:\/\/choiexpert.com\/fr\/wp-json\/wp\/v2\/categories?post=7499"},{"taxonomy":"post_tag","embeddable":true,"href":"http:\/\/choiexpert.com\/fr\/wp-json\/wp\/v2\/tags?post=7499"}],"curies":[{"name":"wp","href":"https:\/\/api.w.org\/{rel}","templated":true}]}}